{"id":6282,"date":"2022-12-23T10:44:42","date_gmt":"2022-12-23T09:44:42","guid":{"rendered":"https:\/\/www.esmovia.es\/?p=6282"},"modified":"2022-12-23T11:07:07","modified_gmt":"2022-12-23T10:07:07","slug":"esmovia-supports-innovative-practices-for-an-inclusive-education","status":"publish","type":"post","link":"https:\/\/www.esmovia.es\/en\/6282-esmovia-supports-innovative-practices-for-an-inclusive-education\/","title":{"rendered":"ESMOVIA supports innovative practices for an inclusive education"},"content":{"rendered":"<p align=\"justify\">From the 25th to 30th of October 2022, the ESMOVIA delegation composed by Maria \u00c1ngeles Ruiz G\u00e1mez, Angelo D&#8217;Andrea and Naomi Rold\u00e1n, flew to Sofia, Bulgaria to attend the Erasmus+ project &#8220;<b>INNOVATIVE PRACTICES FOR INCLUSIVE EDUCATION IN THE DIGITAL AGE&#8221; &#8211; 2021-1-BG01-KA210-SCH-2394.<\/b> In this mobility participated also the delegation of the school CEIP La Coma, Marta Honrubia and Estefan\u00eda Guerrero, nursery and primary school teachers.<\/p>\n<p align=\"justify\">The Spanish delegation was received and hosted by our long term partner &#8220;94th High School &#8220;Dimitar Strashimirov&#8221; represented by the director Latinka Borisova Kovacheva.\u00a0<\/p>\n<p>\u00a0<\/p>\n<p><a href=\"https:\/\/www.esmovia.es\/wp-content\/uploads\/2022\/12\/20aa2fc7-630d-4443-8b94-828a77a294a9.jpg\"><img loading=\"lazy\" decoding=\"async\" class=\"alignnone size-full wp-image-6286\" src=\"https:\/\/www.esmovia.es\/wp-content\/uploads\/2022\/12\/20aa2fc7-630d-4443-8b94-828a77a294a9.jpg\" alt=\"\" width=\"2048\" height=\"1536\" \/><\/a><\/p>\n<p align=\"justify\">While in Sofia the partners organized reunions with the stakeholders and attended visits to the school in order to debate about the successful approaches to promote inclusion in education and explore how transnational cooperation between teachers, youth workers and other support staff can facilitate this process.<\/p>\n<p><strong>Meeting and visits<\/strong><\/p>\n<p>The first meeting of the project took place at the Dimitar Strashimirov school 94, where Naomi Rold\u00e1n, ESMOVIA group coordinator, together with Marta Honrubia and Estefan\u00eda Guerrero, presented the history of CEIP La Coma. Located in the Valencian municipality of Paterna, CEIP La Coma receives its name from the neighborhood where it is located and where most of its students live. It was founded 35 years ago and currently has two classes per course, almost 200 students enrolled and a total of 39 teachers. The majority of the students belong to the Roma community.<\/p>\n<p>The main objective of the meeting was to analyze the common points and differences between the \u00a0Spanish and Bulgarian Roma culture, compare the educational system implemented in both schools and identify the most suitable inclusion methodologies and processes.<\/p>\n<p><a href=\"https:\/\/www.esmovia.es\/wp-content\/uploads\/2022\/12\/64b49718-45ef-476d-b7c7-f83b250ceb46-2.jpg\"><img loading=\"lazy\" decoding=\"async\" class=\"alignnone size-full wp-image-6301\" src=\"https:\/\/www.esmovia.es\/wp-content\/uploads\/2022\/12\/64b49718-45ef-476d-b7c7-f83b250ceb46-2.jpg\" alt=\"\" width=\"1536\" height=\"1249\" \/><\/a><\/p>\n<p>During the mobility, in addition to visiting and organizing reunions in the 94 Dimitar Strashimirov school with its teachers, the Spanish delegation attended also an informative talk at the Faculty of Economics, belonging to the Neofit Rilski Southwestern University in Blagoevgrad (Bulgaria).<\/p>\n<p>During this meeting led by Dr. Preslav Dimitrov, Dean of the Faculty of Economics and PhD in Economic Sciences, the importance of European Erasmus+ projects for young students from all over Europe and also for schools was discussed.<\/p>\n<p><a href=\"https:\/\/www.esmovia.es\/wp-content\/uploads\/2022\/12\/Captura-de-pantalla-2022-12-23-a-las-10.54.17.png\"><img loading=\"lazy\" decoding=\"async\" class=\"alignnone size-full wp-image-6312\" src=\"https:\/\/www.esmovia.es\/wp-content\/uploads\/2022\/12\/Captura-de-pantalla-2022-12-23-a-las-10.54.17.png\" alt=\"\" width=\"651\" height=\"872\" \/><\/a><\/p>\n<p><strong>Conclusions of the mobility<\/strong><\/p>\n<div id=\"tw-target-text-container\" class=\"tw-ta-container F0azHf tw-nfl\" tabindex=\"0\">\n<p id=\"tw-target-text\" class=\"tw-data-text tw-text-large tw-ta\" dir=\"ltr\" data-placeholder=\"Traducci\u00f3n\"><span class=\"Y2IQFc\" lang=\"en\">We all agreed on the importance of\u00a0<\/span><span class=\"Y2IQFc\" lang=\"en\">unconventional spaces and the combination of formal, non-formal and informal learning can create engaging and stimulating learning environments, offer a wide range of learning methods and inspiring lessons that reinforces students&#8217; motivation.<\/span><\/p>\n<p class=\"tw-data-text tw-text-large tw-ta\" dir=\"ltr\" data-placeholder=\"Traducci\u00f3n\"><span class=\"Y2IQFc\" lang=\"en\">Other important conclusions were:<\/span><\/p>\n<ul>\n<li class=\"tw-data-text tw-text-large tw-ta\" dir=\"ltr\" data-placeholder=\"Traducci\u00f3n\"><span class=\"Y2IQFc\" lang=\"en\">showing the importance of success and a sense of belonging to the school;<\/span><\/li>\n<li class=\"tw-data-text tw-text-large tw-ta\" dir=\"ltr\" data-placeholder=\"Traducci\u00f3n\"><span class=\"Y2IQFc\" lang=\"en\">demonstrating how a positive and non-judgmental learning environment contributes to the academic performance of graduates and can bring changes in the school culture;<\/span><\/li>\n<li class=\"tw-data-text tw-text-large tw-ta\" dir=\"ltr\" data-placeholder=\"Traducci\u00f3n\"><span class=\"Y2IQFc\" lang=\"en\">highlighting the importance of teacher competencies to master inclusive and inspiring learning process;<\/span><\/li>\n<li class=\"tw-data-text tw-text-large tw-ta\" dir=\"ltr\" data-placeholder=\"Traducci\u00f3n\"><span class=\"Y2IQFc\" lang=\"en\">highlight the importance of involving families and the Roma community in general to support inclusive schools.<\/span><\/li>\n<\/ul>\n<\/div>\n<p>The mobility showed also the importance of Erasmus+ project in improving the educational system and offering opportunities for students and encouraged the teachers of CEIP La Coma to write projects to promote the inclusion, so that their students would one day have the possibility of learning while traveling and improve their future.<\/p>\n<p>As always it was a pleasure to meet again our long term partner and to continue working together for youth and for their education!<a href=\"https:\/\/www.esmovia.es\/wp-content\/uploads\/2022\/12\/IMG_5519-2-1.heic\"><img decoding=\"async\" class=\"alignnone size-full wp-image-6307\" src=\"https:\/\/www.esmovia.es\/wp-content\/uploads\/2022\/12\/IMG_5519-2-1.heic\" alt=\"\" \/><\/a><\/p>\n<p>\u00a0<\/p>\n<p align=\"justify\">\u00a0<\/p>\n","protected":false},"excerpt":{"rendered":"<p>From the 25th to 30th of October 2022, the ESMOVIA delegation composed by Maria \u00c1ngeles Ruiz G\u00e1mez, Angelo D&#8217;Andrea and Naomi Rold\u00e1n, flew to Sofia, Bulgaria to attend the Erasmus+ project &#8220;INNOVATIVE PRACTICES FOR INCLUSIVE EDUCATION IN THE DIGITAL AGE&#8221; &#8211; 2021-1-BG01-KA210-SCH-2394. In this mobility participated also the delegation of the school CEIP La Coma, [&hellip;]<\/p>\n","protected":false},"author":4,"featured_media":6284,"comment_status":"open","ping_status":"open","sticky":false,"template":"","format":"standard","meta":{"footnotes":""},"categories":[121],"tags":[],"class_list":["post-6282","post","type-post","status-publish","format-standard","has-post-thumbnail","hentry","category-news-en","odd"],"acf":[],"yoast_head":"<!-- This site is optimized with the Yoast SEO plugin v27.3 - https:\/\/yoast.com\/product\/yoast-seo-wordpress\/ -->\n<title>ESMOVIA supports innovative practices for an inclusive education - Esmovia<\/title>\n<meta name=\"robots\" content=\"index, follow, max-snippet:-1, max-image-preview:large, max-video-preview:-1\" \/>\n<link rel=\"canonical\" href=\"https:\/\/www.esmovia.es\/en\/6282-esmovia-supports-innovative-practices-for-an-inclusive-education\/\" \/>\n<meta property=\"og:locale\" content=\"en_US\" \/>\n<meta property=\"og:type\" content=\"article\" \/>\n<meta property=\"og:title\" content=\"ESMOVIA supports innovative practices for an inclusive education - Esmovia\" \/>\n<meta property=\"og:description\" content=\"From the 25th to 30th of October 2022, the ESMOVIA delegation composed by Maria \u00c1ngeles Ruiz G\u00e1mez, Angelo D&#8217;Andrea and Naomi Rold\u00e1n, flew to Sofia, Bulgaria to attend the Erasmus+ project &#8220;INNOVATIVE PRACTICES FOR INCLUSIVE EDUCATION IN THE DIGITAL AGE&#8221; &#8211; 2021-1-BG01-KA210-SCH-2394. In this mobility participated also the delegation of the school CEIP La Coma, [&hellip;]\" \/>\n<meta property=\"og:url\" content=\"https:\/\/www.esmovia.es\/en\/6282-esmovia-supports-innovative-practices-for-an-inclusive-education\/\" \/>\n<meta property=\"og:site_name\" content=\"Esmovia\" \/>\n<meta property=\"article:published_time\" content=\"2022-12-23T09:44:42+00:00\" \/>\n<meta property=\"article:modified_time\" content=\"2022-12-23T10:07:07+00:00\" \/>\n<meta property=\"og:image\" content=\"https:\/\/www.esmovia.es\/wp-content\/uploads\/2022\/12\/e148f90d-b912-4c64-a293-c9f540493dc5-2.jpg\" \/>\n\t<meta property=\"og:image:width\" content=\"2048\" \/>\n\t<meta property=\"og:image:height\" content=\"1214\" \/>\n\t<meta property=\"og:image:type\" content=\"image\/jpeg\" \/>\n<meta name=\"author\" content=\"esmoadmin\" \/>\n<meta name=\"twitter:card\" content=\"summary_large_image\" \/>\n<meta name=\"twitter:label1\" content=\"Written by\" \/>\n\t<meta name=\"twitter:data1\" content=\"esmoadmin\" \/>\n\t<meta name=\"twitter:label2\" content=\"Est. reading time\" \/>\n\t<meta name=\"twitter:data2\" content=\"4 minutes\" \/>\n<script type=\"application\/ld+json\" class=\"yoast-schema-graph\">{\"@context\":\"https:\\\/\\\/schema.org\",\"@graph\":[{\"@type\":\"Article\",\"@id\":\"https:\\\/\\\/www.esmovia.es\\\/en\\\/6282-esmovia-supports-innovative-practices-for-an-inclusive-education\\\/#article\",\"isPartOf\":{\"@id\":\"https:\\\/\\\/www.esmovia.es\\\/en\\\/6282-esmovia-supports-innovative-practices-for-an-inclusive-education\\\/\"},\"author\":{\"name\":\"esmoadmin\",\"@id\":\"https:\\\/\\\/www.esmovia.es\\\/en\\\/#\\\/schema\\\/person\\\/f0b1e871546c496467b495e1c21436d5\"},\"headline\":\"ESMOVIA supports innovative practices for an inclusive education\",\"datePublished\":\"2022-12-23T09:44:42+00:00\",\"dateModified\":\"2022-12-23T10:07:07+00:00\",\"mainEntityOfPage\":{\"@id\":\"https:\\\/\\\/www.esmovia.es\\\/en\\\/6282-esmovia-supports-innovative-practices-for-an-inclusive-education\\\/\"},\"wordCount\":548,\"commentCount\":0,\"image\":{\"@id\":\"https:\\\/\\\/www.esmovia.es\\\/en\\\/6282-esmovia-supports-innovative-practices-for-an-inclusive-education\\\/#primaryimage\"},\"thumbnailUrl\":\"https:\\\/\\\/www.esmovia.es\\\/wp-content\\\/uploads\\\/2022\\\/12\\\/e148f90d-b912-4c64-a293-c9f540493dc5-2.jpg\",\"articleSection\":[\"News\"],\"inLanguage\":\"en-US\",\"potentialAction\":[{\"@type\":\"CommentAction\",\"name\":\"Comment\",\"target\":[\"https:\\\/\\\/www.esmovia.es\\\/en\\\/6282-esmovia-supports-innovative-practices-for-an-inclusive-education\\\/#respond\"]}]},{\"@type\":\"WebPage\",\"@id\":\"https:\\\/\\\/www.esmovia.es\\\/en\\\/6282-esmovia-supports-innovative-practices-for-an-inclusive-education\\\/\",\"url\":\"https:\\\/\\\/www.esmovia.es\\\/en\\\/6282-esmovia-supports-innovative-practices-for-an-inclusive-education\\\/\",\"name\":\"ESMOVIA supports innovative practices for an inclusive education - Esmovia\",\"isPartOf\":{\"@id\":\"https:\\\/\\\/www.esmovia.es\\\/en\\\/#website\"},\"primaryImageOfPage\":{\"@id\":\"https:\\\/\\\/www.esmovia.es\\\/en\\\/6282-esmovia-supports-innovative-practices-for-an-inclusive-education\\\/#primaryimage\"},\"image\":{\"@id\":\"https:\\\/\\\/www.esmovia.es\\\/en\\\/6282-esmovia-supports-innovative-practices-for-an-inclusive-education\\\/#primaryimage\"},\"thumbnailUrl\":\"https:\\\/\\\/www.esmovia.es\\\/wp-content\\\/uploads\\\/2022\\\/12\\\/e148f90d-b912-4c64-a293-c9f540493dc5-2.jpg\",\"datePublished\":\"2022-12-23T09:44:42+00:00\",\"dateModified\":\"2022-12-23T10:07:07+00:00\",\"author\":{\"@id\":\"https:\\\/\\\/www.esmovia.es\\\/en\\\/#\\\/schema\\\/person\\\/f0b1e871546c496467b495e1c21436d5\"},\"breadcrumb\":{\"@id\":\"https:\\\/\\\/www.esmovia.es\\\/en\\\/6282-esmovia-supports-innovative-practices-for-an-inclusive-education\\\/#breadcrumb\"},\"inLanguage\":\"en-US\",\"potentialAction\":[{\"@type\":\"ReadAction\",\"target\":[\"https:\\\/\\\/www.esmovia.es\\\/en\\\/6282-esmovia-supports-innovative-practices-for-an-inclusive-education\\\/\"]}]},{\"@type\":\"ImageObject\",\"inLanguage\":\"en-US\",\"@id\":\"https:\\\/\\\/www.esmovia.es\\\/en\\\/6282-esmovia-supports-innovative-practices-for-an-inclusive-education\\\/#primaryimage\",\"url\":\"https:\\\/\\\/www.esmovia.es\\\/wp-content\\\/uploads\\\/2022\\\/12\\\/e148f90d-b912-4c64-a293-c9f540493dc5-2.jpg\",\"contentUrl\":\"https:\\\/\\\/www.esmovia.es\\\/wp-content\\\/uploads\\\/2022\\\/12\\\/e148f90d-b912-4c64-a293-c9f540493dc5-2.jpg\",\"width\":2048,\"height\":1214},{\"@type\":\"BreadcrumbList\",\"@id\":\"https:\\\/\\\/www.esmovia.es\\\/en\\\/6282-esmovia-supports-innovative-practices-for-an-inclusive-education\\\/#breadcrumb\",\"itemListElement\":[{\"@type\":\"ListItem\",\"position\":1,\"name\":\"Portada\",\"item\":\"https:\\\/\\\/www.esmovia.es\\\/en\\\/\"},{\"@type\":\"ListItem\",\"position\":2,\"name\":\"ESMOVIA supports innovative practices for an inclusive education\"}]},{\"@type\":\"WebSite\",\"@id\":\"https:\\\/\\\/www.esmovia.es\\\/en\\\/#website\",\"url\":\"https:\\\/\\\/www.esmovia.es\\\/en\\\/\",\"name\":\"Esmovia\",\"description\":\"Training and Mobility\",\"potentialAction\":[{\"@type\":\"SearchAction\",\"target\":{\"@type\":\"EntryPoint\",\"urlTemplate\":\"https:\\\/\\\/www.esmovia.es\\\/en\\\/?s={search_term_string}\"},\"query-input\":{\"@type\":\"PropertyValueSpecification\",\"valueRequired\":true,\"valueName\":\"search_term_string\"}}],\"inLanguage\":\"en-US\"},{\"@type\":\"Person\",\"@id\":\"https:\\\/\\\/www.esmovia.es\\\/en\\\/#\\\/schema\\\/person\\\/f0b1e871546c496467b495e1c21436d5\",\"name\":\"esmoadmin\",\"image\":{\"@type\":\"ImageObject\",\"inLanguage\":\"en-US\",\"@id\":\"https:\\\/\\\/secure.gravatar.com\\\/avatar\\\/d2d7c61d80c47aab5a3dd3a245fa97b250d925cb98894e0ec02b1db6a8bb6235?s=96&d=mm&r=g\",\"url\":\"https:\\\/\\\/secure.gravatar.com\\\/avatar\\\/d2d7c61d80c47aab5a3dd3a245fa97b250d925cb98894e0ec02b1db6a8bb6235?s=96&d=mm&r=g\",\"contentUrl\":\"https:\\\/\\\/secure.gravatar.com\\\/avatar\\\/d2d7c61d80c47aab5a3dd3a245fa97b250d925cb98894e0ec02b1db6a8bb6235?s=96&d=mm&r=g\",\"caption\":\"esmoadmin\"},\"url\":\"https:\\\/\\\/www.esmovia.es\\\/en\\\/author\\\/esmoadmin-2\\\/\"}]}<\/script>\n<!-- \/ Yoast SEO plugin. -->","yoast_head_json":{"title":"ESMOVIA supports innovative practices for an inclusive education - Esmovia","robots":{"index":"index","follow":"follow","max-snippet":"max-snippet:-1","max-image-preview":"max-image-preview:large","max-video-preview":"max-video-preview:-1"},"canonical":"https:\/\/www.esmovia.es\/en\/6282-esmovia-supports-innovative-practices-for-an-inclusive-education\/","og_locale":"en_US","og_type":"article","og_title":"ESMOVIA supports innovative practices for an inclusive education - Esmovia","og_description":"From the 25th to 30th of October 2022, the ESMOVIA delegation composed by Maria \u00c1ngeles Ruiz G\u00e1mez, Angelo D&#8217;Andrea and Naomi Rold\u00e1n, flew to Sofia, Bulgaria to attend the Erasmus+ project &#8220;INNOVATIVE PRACTICES FOR INCLUSIVE EDUCATION IN THE DIGITAL AGE&#8221; &#8211; 2021-1-BG01-KA210-SCH-2394. In this mobility participated also the delegation of the school CEIP La Coma, [&hellip;]","og_url":"https:\/\/www.esmovia.es\/en\/6282-esmovia-supports-innovative-practices-for-an-inclusive-education\/","og_site_name":"Esmovia","article_published_time":"2022-12-23T09:44:42+00:00","article_modified_time":"2022-12-23T10:07:07+00:00","og_image":[{"width":2048,"height":1214,"url":"https:\/\/www.esmovia.es\/wp-content\/uploads\/2022\/12\/e148f90d-b912-4c64-a293-c9f540493dc5-2.jpg","type":"image\/jpeg"}],"author":"esmoadmin","twitter_card":"summary_large_image","twitter_misc":{"Written by":"esmoadmin","Est. reading time":"4 minutes"},"schema":{"@context":"https:\/\/schema.org","@graph":[{"@type":"Article","@id":"https:\/\/www.esmovia.es\/en\/6282-esmovia-supports-innovative-practices-for-an-inclusive-education\/#article","isPartOf":{"@id":"https:\/\/www.esmovia.es\/en\/6282-esmovia-supports-innovative-practices-for-an-inclusive-education\/"},"author":{"name":"esmoadmin","@id":"https:\/\/www.esmovia.es\/en\/#\/schema\/person\/f0b1e871546c496467b495e1c21436d5"},"headline":"ESMOVIA supports innovative practices for an inclusive education","datePublished":"2022-12-23T09:44:42+00:00","dateModified":"2022-12-23T10:07:07+00:00","mainEntityOfPage":{"@id":"https:\/\/www.esmovia.es\/en\/6282-esmovia-supports-innovative-practices-for-an-inclusive-education\/"},"wordCount":548,"commentCount":0,"image":{"@id":"https:\/\/www.esmovia.es\/en\/6282-esmovia-supports-innovative-practices-for-an-inclusive-education\/#primaryimage"},"thumbnailUrl":"https:\/\/www.esmovia.es\/wp-content\/uploads\/2022\/12\/e148f90d-b912-4c64-a293-c9f540493dc5-2.jpg","articleSection":["News"],"inLanguage":"en-US","potentialAction":[{"@type":"CommentAction","name":"Comment","target":["https:\/\/www.esmovia.es\/en\/6282-esmovia-supports-innovative-practices-for-an-inclusive-education\/#respond"]}]},{"@type":"WebPage","@id":"https:\/\/www.esmovia.es\/en\/6282-esmovia-supports-innovative-practices-for-an-inclusive-education\/","url":"https:\/\/www.esmovia.es\/en\/6282-esmovia-supports-innovative-practices-for-an-inclusive-education\/","name":"ESMOVIA supports innovative practices for an inclusive education - Esmovia","isPartOf":{"@id":"https:\/\/www.esmovia.es\/en\/#website"},"primaryImageOfPage":{"@id":"https:\/\/www.esmovia.es\/en\/6282-esmovia-supports-innovative-practices-for-an-inclusive-education\/#primaryimage"},"image":{"@id":"https:\/\/www.esmovia.es\/en\/6282-esmovia-supports-innovative-practices-for-an-inclusive-education\/#primaryimage"},"thumbnailUrl":"https:\/\/www.esmovia.es\/wp-content\/uploads\/2022\/12\/e148f90d-b912-4c64-a293-c9f540493dc5-2.jpg","datePublished":"2022-12-23T09:44:42+00:00","dateModified":"2022-12-23T10:07:07+00:00","author":{"@id":"https:\/\/www.esmovia.es\/en\/#\/schema\/person\/f0b1e871546c496467b495e1c21436d5"},"breadcrumb":{"@id":"https:\/\/www.esmovia.es\/en\/6282-esmovia-supports-innovative-practices-for-an-inclusive-education\/#breadcrumb"},"inLanguage":"en-US","potentialAction":[{"@type":"ReadAction","target":["https:\/\/www.esmovia.es\/en\/6282-esmovia-supports-innovative-practices-for-an-inclusive-education\/"]}]},{"@type":"ImageObject","inLanguage":"en-US","@id":"https:\/\/www.esmovia.es\/en\/6282-esmovia-supports-innovative-practices-for-an-inclusive-education\/#primaryimage","url":"https:\/\/www.esmovia.es\/wp-content\/uploads\/2022\/12\/e148f90d-b912-4c64-a293-c9f540493dc5-2.jpg","contentUrl":"https:\/\/www.esmovia.es\/wp-content\/uploads\/2022\/12\/e148f90d-b912-4c64-a293-c9f540493dc5-2.jpg","width":2048,"height":1214},{"@type":"BreadcrumbList","@id":"https:\/\/www.esmovia.es\/en\/6282-esmovia-supports-innovative-practices-for-an-inclusive-education\/#breadcrumb","itemListElement":[{"@type":"ListItem","position":1,"name":"Portada","item":"https:\/\/www.esmovia.es\/en\/"},{"@type":"ListItem","position":2,"name":"ESMOVIA supports innovative practices for an inclusive education"}]},{"@type":"WebSite","@id":"https:\/\/www.esmovia.es\/en\/#website","url":"https:\/\/www.esmovia.es\/en\/","name":"Esmovia","description":"Training and Mobility","potentialAction":[{"@type":"SearchAction","target":{"@type":"EntryPoint","urlTemplate":"https:\/\/www.esmovia.es\/en\/?s={search_term_string}"},"query-input":{"@type":"PropertyValueSpecification","valueRequired":true,"valueName":"search_term_string"}}],"inLanguage":"en-US"},{"@type":"Person","@id":"https:\/\/www.esmovia.es\/en\/#\/schema\/person\/f0b1e871546c496467b495e1c21436d5","name":"esmoadmin","image":{"@type":"ImageObject","inLanguage":"en-US","@id":"https:\/\/secure.gravatar.com\/avatar\/d2d7c61d80c47aab5a3dd3a245fa97b250d925cb98894e0ec02b1db6a8bb6235?s=96&d=mm&r=g","url":"https:\/\/secure.gravatar.com\/avatar\/d2d7c61d80c47aab5a3dd3a245fa97b250d925cb98894e0ec02b1db6a8bb6235?s=96&d=mm&r=g","contentUrl":"https:\/\/secure.gravatar.com\/avatar\/d2d7c61d80c47aab5a3dd3a245fa97b250d925cb98894e0ec02b1db6a8bb6235?s=96&d=mm&r=g","caption":"esmoadmin"},"url":"https:\/\/www.esmovia.es\/en\/author\/esmoadmin-2\/"}]}},"_links":{"self":[{"href":"https:\/\/www.esmovia.es\/en\/wp-json\/wp\/v2\/posts\/6282","targetHints":{"allow":["GET"]}}],"collection":[{"href":"https:\/\/www.esmovia.es\/en\/wp-json\/wp\/v2\/posts"}],"about":[{"href":"https:\/\/www.esmovia.es\/en\/wp-json\/wp\/v2\/types\/post"}],"author":[{"embeddable":true,"href":"https:\/\/www.esmovia.es\/en\/wp-json\/wp\/v2\/users\/4"}],"replies":[{"embeddable":true,"href":"https:\/\/www.esmovia.es\/en\/wp-json\/wp\/v2\/comments?post=6282"}],"version-history":[{"count":20,"href":"https:\/\/www.esmovia.es\/en\/wp-json\/wp\/v2\/posts\/6282\/revisions"}],"predecessor-version":[{"id":6326,"href":"https:\/\/www.esmovia.es\/en\/wp-json\/wp\/v2\/posts\/6282\/revisions\/6326"}],"wp:featuredmedia":[{"embeddable":true,"href":"https:\/\/www.esmovia.es\/en\/wp-json\/wp\/v2\/media\/6284"}],"wp:attachment":[{"href":"https:\/\/www.esmovia.es\/en\/wp-json\/wp\/v2\/media?parent=6282"}],"wp:term":[{"taxonomy":"category","embeddable":true,"href":"https:\/\/www.esmovia.es\/en\/wp-json\/wp\/v2\/categories?post=6282"},{"taxonomy":"post_tag","embeddable":true,"href":"https:\/\/www.esmovia.es\/en\/wp-json\/wp\/v2\/tags?post=6282"}],"curies":[{"name":"wp","href":"https:\/\/api.w.org\/{rel}","templated":true}]}}